{"id":2655,"date":"2022-05-13T17:10:10","date_gmt":"2022-05-13T17:10:10","guid":{"rendered":"https:\/\/20212024.balancan.gob.mx\/blog\/?p=2655"},"modified":"2022-05-13T17:10:10","modified_gmt":"2022-05-13T17:10:10","slug":"rehabilitacion-de-camino-de-acceso","status":"publish","type":"post","link":"https:\/\/20212024.balancan.gob.mx\/blog\/2022\/05\/13\/rehabilitacion-de-camino-de-acceso\/","title":{"rendered":"Rehabilitaci\u00f3n de camino de acceso."},"content":{"rendered":"<p>Balanc\u00e1n, Tabasco; a 13 de mayo de 2022.<br \/>\nHoy se trabaja en favor de nuestra poblaci\u00f3n, atendiendo las demandas a\u00f1ejas, es el caso del Ejido Caudillos del Sur, en donde este d\u00eda vieron el inicio de una petici\u00f3n hecha por a\u00f1os, la Presidenta Municipal Dra. Luisa del Carmen C\u00e1mara Cabrales dio el banderazo de la rehabilitaci\u00f3n del camino de acceso del Ej. Caudillos del Sur.<br \/>\nAcompa\u00f1aron a la Presidenta Municipal los regidores,el Ing. Neil Pozo, lic. Rosa Mar\u00eda Vela Pliego y lic. Teresita de Jes\u00fas L\u00f3pez de Llergo, \u00f1lel Ing. Rub\u00e9n Dar\u00edo Montejo, Director de Obras P\u00fablicas Municipal; la Ing. Caroli Damayanti Abreu Ba\u00f1os, Coordinadora del Ramo 33; la C. Jazm\u00edn Guzm\u00e1n Torres, Delegada y el. C. Jos\u00e9 del Carmen Hern\u00e1ndez Dom\u00ednguez, Presidente del Comit\u00e9 de obras.<br \/>\nEn su mensaje recalc\u00f3 que encabeza un gobierno con honestidad, austeridad y dedicado a cumplir a Balanc\u00e1n atendiendo las prioridades de la gente. Por su parte los pobladores se dijeron satisfechos al ver que hoy sus peticiones son atendidas. #Consolidemosla4T.<\/p>\n<p>&nbsp;<\/p>\n<div id='gallery-1' class='gallery galleryid-2655 gallery-columns-3 gallery-size-full'><figure class='gallery-item'>\n\t\t\t<div class='gallery-icon landscape'>\n\t\t\t\t<a href='https:\/\/20212024.balancan.gob.mx\/blog\/2022\/05\/13\/rehabilitacion-de-camino-de-acceso\/rehabilitacion-de-camino-de-acceso\/'><img fetchpriority=\"high\" decoding=\"async\" width=\"1280\" height=\"853\" src=\"https:\/\/20212024.balancan.gob.mx\/blog\/wp-content\/uploads\/2022\/05\/Rehabilitacion-de-camino-de-acceso.jpg\" class=\"attachment-full size-full\" alt=\"\" aria-describedby=\"gallery-1-2657\" srcset=\"https:\/\/20212024.balancan.gob.mx\/blog\/wp-content\/uploads\/2022\/05\/Rehabilitacion-de-camino-de-acceso.jpg 1280w, https:\/\/20212024.balancan.gob.mx\/blog\/wp-content\/uploads\/2022\/05\/Rehabilitacion-de-camino-de-acceso-300x200.jpg 300w, https:\/\/20212024.balancan.gob.mx\/blog\/wp-content\/uploads\/2022\/05\/Rehabilitacion-de-camino-de-acceso-1024x682.jpg 1024w, https:\/\/20212024.balancan.gob.mx\/blog\/wp-content\/uploads\/2022\/05\/Rehabilitacion-de-camino-de-acceso-768x512.jpg 768w\" sizes=\"(max-width: 1280px) 100vw, 1280px\" \/><\/a>\n\t\t\t<\/div>\n\t\t\t\t<figcaption class='wp-caption-text gallery-caption' id='gallery-1-2657'>\n\t\t\t\tRehabilitaci\u00f3n de camino de acceso.\n\t\t\t\t<\/figcaption><\/figure><figure class='gallery-item'>\n\t\t\t<div class='gallery-icon landscape'>\n\t\t\t\t<a href='https:\/\/20212024.balancan.gob.mx\/blog\/2022\/05\/13\/rehabilitacion-de-camino-de-acceso\/rehabilitacion-de-camino-de-acceso2\/'><img decoding=\"async\" width=\"1280\" height=\"853\" src=\"https:\/\/20212024.balancan.gob.mx\/blog\/wp-content\/uploads\/2022\/05\/Rehabilitacion-de-camino-de-acceso2.jpg\" class=\"attachment-full size-full\" alt=\"\" aria-describedby=\"gallery-1-2656\" srcset=\"https:\/\/20212024.balancan.gob.mx\/blog\/wp-content\/uploads\/2022\/05\/Rehabilitacion-de-camino-de-acceso2.jpg 1280w, https:\/\/20212024.balancan.gob.mx\/blog\/wp-content\/uploads\/2022\/05\/Rehabilitacion-de-camino-de-acceso2-300x200.jpg 300w, https:\/\/20212024.balancan.gob.mx\/blog\/wp-content\/uploads\/2022\/05\/Rehabilitacion-de-camino-de-acceso2-1024x682.jpg 1024w, https:\/\/20212024.balancan.gob.mx\/blog\/wp-content\/uploads\/2022\/05\/Rehabilitacion-de-camino-de-acceso2-768x512.jpg 768w\" sizes=\"(max-width: 1280px) 100vw, 1280px\" \/><\/a>\n\t\t\t<\/div>\n\t\t\t\t<figcaption class='wp-caption-text gallery-caption' id='gallery-1-2656'>\n\t\t\t\tRehabilitaci\u00f3n de camino de acceso.\n\t\t\t\t<\/figcaption><\/figure>\n\t\t<\/div>\n\n","protected":false},"excerpt":{"rendered":"<p>Balanc\u00e1n, Tabasco; a 13 de mayo de 2022. Hoy se trabaja en favor de nuestra poblaci\u00f3n, atendiendo las demandas a\u00f1ejas, es el caso del Ejido Caudillos del Sur, en donde este d\u00eda vieron el inicio de una petici\u00f3n hecha por a\u00f1os, la Presidenta Municipal Dra. Luisa del Carmen C\u00e1mara Cabrales dio el banderazo de la [&hellip;]<\/p>\n","protected":false},"author":1,"featured_media":2657,"comment_status":"open","ping_status":"open","sticky":false,"template":"","format":"standard","meta":{"site-sidebar-layout":"default","site-content-layout":"default","ast-site-content-layout":"default","site-content-style":"default","site-sidebar-style":"default","ast-global-header-display":"","ast-banner-title-visibility":"","ast-main-header-display":"","ast-hfb-above-header-display":"","ast-hfb-below-header-display":"","ast-hfb-mobile-header-display":"","site-post-title":"","ast-breadcrumbs-content":"","ast-featured-img":"","footer-sml-layout":"","ast-disable-related-posts":"","theme-transparent-header-meta":"default","adv-header-id-meta":"","stick-header-meta":"","header-above-stick-meta":"","header-main-stick-meta":"","header-below-stick-meta":"","astra-migrate-meta-layouts":"default","ast-page-background-enabled":"default","ast-page-background-meta":{"desktop":{"background-color":"","background-image":"","background-repeat":"repeat","background-position":"center center","background-size":"auto","background-attachment":"scroll","background-type":"","background-media":"","overlay-type":"","overlay-color":"","overlay-opacity":"","overlay-gradient":""},"tablet":{"background-color":"","background-image":"","background-repeat":"repeat","background-position":"center center","background-size":"auto","background-attachment":"scroll","background-type":"","background-media":"","overlay-type":"","overlay-color":"","overlay-opacity":"","overlay-gradient":""},"mobile":{"background-color":"","background-image":"","background-repeat":"repeat","background-position":"center center","background-size":"auto","background-attachment":"scroll","background-type":"","background-media":"","overlay-type":"","overlay-color":"","overlay-opacity":"","overlay-gradient":""}},"ast-content-background-meta":{"desktop":{"background-color":"var(--ast-global-color-5)","background-image":"","background-repeat":"repeat","background-position":"center center","background-size":"auto","background-attachment":"scroll","background-type":"","background-media":"","overlay-type":"","overlay-color":"","overlay-opacity":"","overlay-gradient":""},"tablet":{"background-color":"var(--ast-global-color-5)","background-image":"","background-repeat":"repeat","background-position":"center center","background-size":"auto","background-attachment":"scroll","background-type":"","background-media":"","overlay-type":"","overlay-color":"","overlay-opacity":"","overlay-gradient":""},"mobile":{"background-color":"var(--ast-global-color-5)","background-image":"","background-repeat":"repeat","background-position":"center center","background-size":"auto","background-attachment":"scroll","background-type":"","background-media":"","overlay-type":"","overlay-color":"","overlay-opacity":"","overlay-gradient":""}},"footnotes":""},"categories":[15,1],"tags":[],"class_list":["post-2655","post","type-post","status-publish","format-standard","has-post-thumbnail","hentry","category-boletines","category-sin-categoria"],"_links":{"self":[{"href":"https:\/\/20212024.balancan.gob.mx\/blog\/wp-json\/wp\/v2\/posts\/2655","targetHints":{"allow":["GET"]}}],"collection":[{"href":"https:\/\/20212024.balancan.gob.mx\/blog\/wp-json\/wp\/v2\/posts"}],"about":[{"href":"https:\/\/20212024.balancan.gob.mx\/blog\/wp-json\/wp\/v2\/types\/post"}],"author":[{"embeddable":true,"href":"https:\/\/20212024.balancan.gob.mx\/blog\/wp-json\/wp\/v2\/users\/1"}],"replies":[{"embeddable":true,"href":"https:\/\/20212024.balancan.gob.mx\/blog\/wp-json\/wp\/v2\/comments?post=2655"}],"version-history":[{"count":1,"href":"https:\/\/20212024.balancan.gob.mx\/blog\/wp-json\/wp\/v2\/posts\/2655\/revisions"}],"predecessor-version":[{"id":2658,"href":"https:\/\/20212024.balancan.gob.mx\/blog\/wp-json\/wp\/v2\/posts\/2655\/revisions\/2658"}],"wp:featuredmedia":[{"embeddable":true,"href":"https:\/\/20212024.balancan.gob.mx\/blog\/wp-json\/wp\/v2\/media\/2657"}],"wp:attachment":[{"href":"https:\/\/20212024.balancan.gob.mx\/blog\/wp-json\/wp\/v2\/media?parent=2655"}],"wp:term":[{"taxonomy":"category","embeddable":true,"href":"https:\/\/20212024.balancan.gob.mx\/blog\/wp-json\/wp\/v2\/categories?post=2655"},{"taxonomy":"post_tag","embeddable":true,"href":"https:\/\/20212024.balancan.gob.mx\/blog\/wp-json\/wp\/v2\/tags?post=2655"}],"curies":[{"name":"wp","href":"https:\/\/api.w.org\/{rel}","templated":true}]}}