{"id":4398,"date":"2023-08-29T01:45:44","date_gmt":"2023-08-29T01:45:44","guid":{"rendered":"https:\/\/20212024.balancan.gob.mx\/blog\/?p=4398"},"modified":"2023-08-31T01:47:14","modified_gmt":"2023-08-31T01:47:14","slug":"firma-del-decreto-de-creacion-de-la-reserva-de-la-biosfera-wanha","status":"publish","type":"post","link":"https:\/\/20212024.balancan.gob.mx\/blog\/2023\/08\/29\/firma-del-decreto-de-creacion-de-la-reserva-de-la-biosfera-wanha\/","title":{"rendered":"Firma del Decreto de Creaci\u00f3n de la Reserva de la Biosfera Wanha"},"content":{"rendered":"\t\t<div data-elementor-type=\"wp-post\" data-elementor-id=\"4398\" class=\"elementor elementor-4398\">\n\t\t\t\t\t\t<section class=\"elementor-section elementor-top-section elementor-element elementor-element-a10f1bc elementor-section-boxed elementor-section-height-default elementor-section-height-default\" data-id=\"a10f1bc\" data-element_type=\"section\" data-e-type=\"section\">\n\t\t\t\t\t\t<div class=\"elementor-container elementor-column-gap-default\">\n\t\t\t\t\t<div class=\"elementor-column elementor-col-100 elementor-top-column elementor-element elementor-element-5c1a0aa\" data-id=\"5c1a0aa\" data-element_type=\"column\" data-e-type=\"column\">\n\t\t\t<div class=\"elementor-widget-wrap elementor-element-populated\">\n\t\t\t\t\t\t<div class=\"elementor-element elementor-element-75009b1 elementor-widget elementor-widget-text-editor\" data-id=\"75009b1\" data-element_type=\"widget\" data-e-type=\"widget\" data-widget_type=\"text-editor.default\">\n\t\t\t\t<div class=\"elementor-widget-container\">\n\t\t\t\t\t\t\t\t\t<div dir=\"auto\">En las Cascadas de Reforma, la Presidenta Municipal de Balanc\u00e1n, Dra. Luisa del Carmen C\u00e1mara Cabrales, presidi\u00f3 el anuncio y la firma del Decreto de Creaci\u00f3n de la Reserva de la Biosfera \u00abWanha\u00bb como \u00e1rea natural protegida debido a los mangles rojos especie \u00fanica, ubicada en las riveras del R\u00edo San Pedro M\u00e1rtir.<br \/><br \/><\/div><div dir=\"auto\">Est\u00e1s acciones son posible gracias al apoyo y compromiso del Presidente Andr\u00e9s Manuel L\u00f3pez Obrador, preocupado por la preservaci\u00f3n ambiental de nuestro pa\u00eds, as\u00ed como del estado de Tabasco y el municipio de Balanc\u00e1n. Con este decreto se permitir\u00e1 preservar y proteger la regi\u00f3n.<\/div><div dir=\"auto\">\u00a0<\/div><div dir=\"auto\">En este evento estuvieron presentes: la maestra Mar\u00eda Luisa Albores Gonz\u00e1lez, Secretaria de Medio Ambiente y Recursos Naturales del Gobierno de M\u00e9xico, en representaci\u00f3n del Gobernador; el Ing. Celestino Fern\u00e1ndez Guti\u00e9rrez encargado del despacho de la Secretaria de Bienestar Sustentabilidad y Cambio Clim\u00e1tico; el Lic. Humberto Ad\u00e1n Pe\u00f1a Fuentes, Comisionado Nacional de \u00c1reas Naturales Protegidas, el presidente municipal de Tenosique Lic. Jorge Su\u00e1rez Moreno; el Lic. Guillermo Narv\u00e1ez Osorio, Rector de la Universidad Ju\u00e1rez Aut\u00f3noma de Tabasco; Daniel Fern\u00e1ndez Valenzuela, Gerente del tramo 1 del Tren Maya; el Bi\u00f3logo Dr. Carlos Burelo Ramos, Profesor de la Divisi\u00f3n Acad\u00e9mica de Ciencias Biol\u00f3gicas de la UJAT.\u00a0<br \/><br \/>\u00a0 \u00a0 \u00a0 \u00a0 \u00a0 \u00a0 \u00a0 \u00a0 \u00a0 \u00a0 \u00a0 \u00a0 \u00a0 \u00a0 \u00a0 \u00a0 \u00a0 \u00a0 \u00a0 \u00a0 \u00a0 \u00a0 \u00a0 \u00a0 \u00a0 \u00a0 \u00a0 \u00a0 \u00a0 \u00a0 \u00a0 \u00a0 \u00a0 \u00a0 \u00a0 \u00a0 \u00a0 \u00a0 \u00a0 \u00a0 \u00a0 \u00a0 \u00a0 \u00a0 \u00a0 \u00a0 \u00a0 \u00a0 \u00a0 \u00a0 \u00a0 \u00a0 \u00a0 \u00a0 \u00a0 \u00a0 \u00a0 \u00a0 \u00a0 \u00a0 \u00a0 \u00a0 \u00a0 \u00a0 \u00a0 \u00a0 \u00a0 \u00a0 \u00a0 \u00a0 \u00a0 \u00a0 \u00a0 \u00a0 \u00a0 \u00a0 \u00a0 \u00a0 \u00a0 \u00a0 \u00a0 \u00a0 \u00a0 \u00a0 \u00a0 \u00a0 \u00a0 \u00a0 \u00a0\u00a0<a class=\"x1i10hfl xjbqb8w x6umtig x1b1mbwd xaqea5y xav7gou x9f619 x1ypdohk xt0psk2 xe8uvvx xdj266r x11i5rnm xat24cr x1mh8g0r xexx8yu x4uap5 x18d9i69 xkhd6sd x16tdsg8 x1hl2dhg xggy1nq x1a2a7pz xt0b8zv x1qq9wsj xo1l8bm\" role=\"link\" href=\"https:\/\/www.facebook.com\/hashtag\/consolidemosla4t?__eep__=6&amp;__cft__[0]=AZVX56DQcvthP-YRN0y7zZLPv-JCwDfx5wUMUaiJH67Cg8LY0YXw6RybdNBWljt6-0cS_o76RCy66fLaqqjZlBa1QaKx80quw0W-KbHtjYnd4yOLA2TxKlF1u0Jzk-JxqUwhVvgc-JMshv71u6PKVnOEZ7fU4X7CtXSK_19Q6W98RrsWQmtMPiNEcDt_3bYsPnw&amp;__tn__=*NK-R\">#Consolidemosla4T<\/a><\/div>\t\t\t\t\t\t\t\t<\/div>\n\t\t\t\t<\/div>\n\t\t\t\t\t<\/div>\n\t\t<\/div>\n\t\t\t\t\t<\/div>\n\t\t<\/section>\n\t\t\t\t<section class=\"elementor-section elementor-top-section elementor-element elementor-element-0ba96e4 elementor-section-boxed elementor-section-height-default elementor-section-height-default\" data-id=\"0ba96e4\" data-element_type=\"section\" data-e-type=\"section\">\n\t\t\t\t\t\t<div class=\"elementor-container elementor-column-gap-default\">\n\t\t\t\t\t<div class=\"elementor-column elementor-col-100 elementor-top-column elementor-element elementor-element-a516996\" data-id=\"a516996\" data-element_type=\"column\" data-e-type=\"column\">\n\t\t\t<div class=\"elementor-widget-wrap elementor-element-populated\">\n\t\t\t\t\t\t<div class=\"elementor-element elementor-element-d2b244f elementor-widget elementor-widget-image\" data-id=\"d2b244f\" data-element_type=\"widget\" data-e-type=\"widget\" data-widget_type=\"image.default\">\n\t\t\t\t<div class=\"elementor-widget-container\">\n\t\t\t\t\t\t\t\t\t\t\t\t\t\t\t<img fetchpriority=\"high\" decoding=\"async\" width=\"1024\" height=\"682\" src=\"https:\/\/20212024.balancan.gob.mx\/blog\/wp-content\/uploads\/2023\/08\/8-1024x682.jpg\" class=\"attachment-large size-large wp-image-4399\" alt=\"\" srcset=\"https:\/\/20212024.balancan.gob.mx\/blog\/wp-content\/uploads\/2023\/08\/8-1024x682.jpg 1024w, https:\/\/20212024.balancan.gob.mx\/blog\/wp-content\/uploads\/2023\/08\/8-300x200.jpg 300w, https:\/\/20212024.balancan.gob.mx\/blog\/wp-content\/uploads\/2023\/08\/8-768x512.jpg 768w, https:\/\/20212024.balancan.gob.mx\/blog\/wp-content\/uploads\/2023\/08\/8-1536x1023.jpg 1536w, https:\/\/20212024.balancan.gob.mx\/blog\/wp-content\/uploads\/2023\/08\/8.jpg 1600w\" sizes=\"(max-width: 1024px) 100vw, 1024px\" \/>\t\t\t\t\t\t\t\t\t\t\t\t\t\t\t<\/div>\n\t\t\t\t<\/div>\n\t\t\t\t\t<\/div>\n\t\t<\/div>\n\t\t\t\t\t<\/div>\n\t\t<\/section>\n\t\t\t\t<section class=\"elementor-section elementor-top-section elementor-element elementor-element-139ca97 elementor-section-boxed elementor-section-height-default elementor-section-height-default\" data-id=\"139ca97\" data-element_type=\"section\" data-e-type=\"section\">\n\t\t\t\t\t\t<div class=\"elementor-container elementor-column-gap-default\">\n\t\t\t\t\t<div class=\"elementor-column elementor-col-100 elementor-top-column elementor-element elementor-element-f6d6844\" data-id=\"f6d6844\" data-element_type=\"column\" data-e-type=\"column\">\n\t\t\t<div class=\"elementor-widget-wrap elementor-element-populated\">\n\t\t\t\t\t\t<div class=\"elementor-element elementor-element-0667d3c elementor-widget elementor-widget-image\" data-id=\"0667d3c\" data-element_type=\"widget\" data-e-type=\"widget\" data-widget_type=\"image.default\">\n\t\t\t\t<div class=\"elementor-widget-container\">\n\t\t\t\t\t\t\t\t\t\t\t\t\t\t\t<img decoding=\"async\" width=\"1024\" height=\"682\" src=\"https:\/\/20212024.balancan.gob.mx\/blog\/wp-content\/uploads\/2023\/08\/9-1024x682.jpg\" class=\"attachment-large size-large wp-image-4400\" alt=\"\" srcset=\"https:\/\/20212024.balancan.gob.mx\/blog\/wp-content\/uploads\/2023\/08\/9-1024x682.jpg 1024w, https:\/\/20212024.balancan.gob.mx\/blog\/wp-content\/uploads\/2023\/08\/9-300x200.jpg 300w, https:\/\/20212024.balancan.gob.mx\/blog\/wp-content\/uploads\/2023\/08\/9-768x512.jpg 768w, https:\/\/20212024.balancan.gob.mx\/blog\/wp-content\/uploads\/2023\/08\/9-1536x1023.jpg 1536w, https:\/\/20212024.balancan.gob.mx\/blog\/wp-content\/uploads\/2023\/08\/9.jpg 1600w\" sizes=\"(max-width: 1024px) 100vw, 1024px\" \/>\t\t\t\t\t\t\t\t\t\t\t\t\t\t\t<\/div>\n\t\t\t\t<\/div>\n\t\t\t\t\t<\/div>\n\t\t<\/div>\n\t\t\t\t\t<\/div>\n\t\t<\/section>\n\t\t\t\t<\/div>\n\t\t","protected":false},"excerpt":{"rendered":"<p>En las Cascadas de Reforma, la Presidenta Municipal de Balanc\u00e1n, Dra. Luisa del Carmen C\u00e1mara Cabrales, presidi\u00f3 el anuncio y la firma del Decreto de Creaci\u00f3n de la Reserva de la Biosfera \u00abWanha\u00bb como \u00e1rea natural protegida debido a los mangles rojos especie \u00fanica, ubicada en las riveras del R\u00edo San Pedro M\u00e1rtir. Est\u00e1s acciones [&hellip;]<\/p>\n","protected":false},"author":2,"featured_media":4404,"comment_status":"open","ping_status":"open","sticky":false,"template":"","format":"standard","meta":{"site-sidebar-layout":"default","site-content-layout":"default","ast-site-content-layout":"default","site-content-style":"default","site-sidebar-style":"default","ast-global-header-display":"","ast-banner-title-visibility":"","ast-main-header-display":"","ast-hfb-above-header-display":"","ast-hfb-below-header-display":"","ast-hfb-mobile-header-display":"","site-post-title":"","ast-breadcrumbs-content":"","ast-featured-img":"","footer-sml-layout":"","ast-disable-related-posts":"","theme-transparent-header-meta":"default","adv-header-id-meta":"","stick-header-meta":"","header-above-stick-meta":"","header-main-stick-meta":"","header-below-stick-meta":"","astra-migrate-meta-layouts":"default","ast-page-background-enabled":"default","ast-page-background-meta":{"desktop":{"background-color":"","background-image":"","background-repeat":"repeat","background-position":"center center","background-size":"auto","background-attachment":"scroll","background-type":"","background-media":"","overlay-type":"","overlay-color":"","overlay-opacity":"","overlay-gradient":""},"tablet":{"background-color":"","background-image":"","background-repeat":"repeat","background-position":"center center","background-size":"auto","background-attachment":"scroll","background-type":"","background-media":"","overlay-type":"","overlay-color":"","overlay-opacity":"","overlay-gradient":""},"mobile":{"background-color":"","background-image":"","background-repeat":"repeat","background-position":"center center","background-size":"auto","background-attachment":"scroll","background-type":"","background-media":"","overlay-type":"","overlay-color":"","overlay-opacity":"","overlay-gradient":""}},"ast-content-background-meta":{"desktop":{"background-color":"var(--ast-global-color-5)","background-image":"","background-repeat":"repeat","background-position":"center center","background-size":"auto","background-attachment":"scroll","background-type":"","background-media":"","overlay-type":"","overlay-color":"","overlay-opacity":"","overlay-gradient":""},"tablet":{"background-color":"var(--ast-global-color-5)","background-image":"","background-repeat":"repeat","background-position":"center center","background-size":"auto","background-attachment":"scroll","background-type":"","background-media":"","overlay-type":"","overlay-color":"","overlay-opacity":"","overlay-gradient":""},"mobile":{"background-color":"var(--ast-global-color-5)","background-image":"","background-repeat":"repeat","background-position":"center center","background-size":"auto","background-attachment":"scroll","background-type":"","background-media":"","overlay-type":"","overlay-color":"","overlay-opacity":"","overlay-gradient":""}},"footnotes":""},"categories":[1],"tags":[],"class_list":["post-4398","post","type-post","status-publish","format-standard","has-post-thumbnail","hentry","category-sin-categoria"],"_links":{"self":[{"href":"https:\/\/20212024.balancan.gob.mx\/blog\/wp-json\/wp\/v2\/posts\/4398","targetHints":{"allow":["GET"]}}],"collection":[{"href":"https:\/\/20212024.balancan.gob.mx\/blog\/wp-json\/wp\/v2\/posts"}],"about":[{"href":"https:\/\/20212024.balancan.gob.mx\/blog\/wp-json\/wp\/v2\/types\/post"}],"author":[{"embeddable":true,"href":"https:\/\/20212024.balancan.gob.mx\/blog\/wp-json\/wp\/v2\/users\/2"}],"replies":[{"embeddable":true,"href":"https:\/\/20212024.balancan.gob.mx\/blog\/wp-json\/wp\/v2\/comments?post=4398"}],"version-history":[{"count":5,"href":"https:\/\/20212024.balancan.gob.mx\/blog\/wp-json\/wp\/v2\/posts\/4398\/revisions"}],"predecessor-version":[{"id":4406,"href":"https:\/\/20212024.balancan.gob.mx\/blog\/wp-json\/wp\/v2\/posts\/4398\/revisions\/4406"}],"wp:featuredmedia":[{"embeddable":true,"href":"https:\/\/20212024.balancan.gob.mx\/blog\/wp-json\/wp\/v2\/media\/4404"}],"wp:attachment":[{"href":"https:\/\/20212024.balancan.gob.mx\/blog\/wp-json\/wp\/v2\/media?parent=4398"}],"wp:term":[{"taxonomy":"category","embeddable":true,"href":"https:\/\/20212024.balancan.gob.mx\/blog\/wp-json\/wp\/v2\/categories?post=4398"},{"taxonomy":"post_tag","embeddable":true,"href":"https:\/\/20212024.balancan.gob.mx\/blog\/wp-json\/wp\/v2\/tags?post=4398"}],"curies":[{"name":"wp","href":"https:\/\/api.w.org\/{rel}","templated":true}]}}