{"id":4710,"date":"2024-06-12T23:26:36","date_gmt":"2024-06-12T23:26:36","guid":{"rendered":"https:\/\/20212024.balancan.gob.mx\/blog\/?p=4710"},"modified":"2024-06-25T23:32:01","modified_gmt":"2024-06-25T23:32:01","slug":"elementor-4710","status":"publish","type":"post","link":"https:\/\/20212024.balancan.gob.mx\/blog\/2024\/06\/12\/elementor-4710\/","title":{"rendered":"Entrega de Programas"},"content":{"rendered":"<p>ENTREGA DE PROGRAMAS EN EL CENTRO SOCIAL DE LA CABECERA MUNICIPAL<\/p>\n<p>La Presidenta Municipal, Dra. Luisa del Carmen C\u00e1mara Cabrales, hizo entrega de programas subsidiados que incluyen l\u00e1minas, molinos el\u00e9ctricos, desbrozadoras, bombas el\u00e9ctricas,<br \/>\nrollos de alambre, tinacos y cayucos. Adem\u00e1s, se entregaron de forma gratuita pollitos de doble prop\u00f3sito y semillas de ma\u00edz y frijol.<\/p>\n<p>Las comunidades beneficiadas fueron Chancabal, Pantoja, Laguna Colorada, Centro Usumacinta, San Jos\u00e9 del R\u00edo, Frente \u00danico, Anexo Balanc\u00e1n, Sunina, Uquina, Chavita y Josefa Ortiz de Dom\u00ednguez, siendo sede el centro social en la Cabecera Municipal. Con estas acciones se fortalece el bienestar de las familias balancanenses, contribuyendo a mejorar su econom\u00eda familiar.<\/p>\n<p>#Balanc\u00e1n<\/p>\n<p><img fetchpriority=\"high\" decoding=\"async\" src=\"https:\/\/20212024.balancan.gob.mx\/blog\/wp-content\/uploads\/2024\/06\/WhatsApp-Image-2024-06-12-at-18.48.37-1024x683.jpeg\" alt=\"\" width=\"1024\" height=\"683\" \/><br \/>\n<img decoding=\"async\" src=\"https:\/\/20212024.balancan.gob.mx\/blog\/wp-content\/uploads\/2024\/06\/WhatsApp-Image-2024-06-12-at-18.48.36-2-1024x683.jpeg\" alt=\"\" width=\"1024\" height=\"683\" \/><\/p>\n","protected":false},"excerpt":{"rendered":"<p>ENTREGA DE PROGRAMAS EN EL CENTRO SOCIAL DE LA CABECERA MUNICIPAL La Presidenta Municipal, Dra. Luisa del Carmen C\u00e1mara Cabrales, hizo entrega de programas subsidiados que incluyen l\u00e1minas, molinos el\u00e9ctricos, desbrozadoras, bombas el\u00e9ctricas, rollos de alambre, tinacos y cayucos. Adem\u00e1s, se entregaron de forma gratuita pollitos de doble prop\u00f3sito y semillas de ma\u00edz y frijol. [&hellip;]<\/p>\n","protected":false},"author":2,"featured_media":4719,"comment_status":"open","ping_status":"","sticky":false,"template":"","format":"standard","meta":{"site-sidebar-layout":"default","site-content-layout":"","ast-site-content-layout":"default","site-content-style":"default","site-sidebar-style":"default","ast-global-header-display":"","ast-banner-title-visibility":"","ast-main-header-display":"","ast-hfb-above-header-display":"","ast-hfb-below-header-display":"","ast-hfb-mobile-header-display":"","site-post-title":"","ast-breadcrumbs-content":"","ast-featured-img":"","footer-sml-layout":"","ast-disable-related-posts":"","theme-transparent-header-meta":"","adv-header-id-meta":"","stick-header-meta":"","header-above-stick-meta":"","header-main-stick-meta":"","header-below-stick-meta":"","astra-migrate-meta-layouts":"set","ast-page-background-enabled":"default","ast-page-background-meta":{"desktop":{"background-color":"","background-image":"","background-repeat":"repeat","background-position":"center center","background-size":"auto","background-attachment":"scroll","background-type":"","background-media":"","overlay-type":"","overlay-color":"","overlay-opacity":"","overlay-gradient":""},"tablet":{"background-color":"","background-image":"","background-repeat":"repeat","background-position":"center center","background-size":"auto","background-attachment":"scroll","background-type":"","background-media":"","overlay-type":"","overlay-color":"","overlay-opacity":"","overlay-gradient":""},"mobile":{"background-color":"","background-image":"","background-repeat":"repeat","background-position":"center center","background-size":"auto","background-attachment":"scroll","background-type":"","background-media":"","overlay-type":"","overlay-color":"","overlay-opacity":"","overlay-gradient":""}},"ast-content-background-meta":{"desktop":{"background-color":"var(--ast-global-color-5)","background-image":"","background-repeat":"repeat","background-position":"center center","background-size":"auto","background-attachment":"scroll","background-type":"","background-media":"","overlay-type":"","overlay-color":"","overlay-opacity":"","overlay-gradient":""},"tablet":{"background-color":"var(--ast-global-color-5)","background-image":"","background-repeat":"repeat","background-position":"center center","background-size":"auto","background-attachment":"scroll","background-type":"","background-media":"","overlay-type":"","overlay-color":"","overlay-opacity":"","overlay-gradient":""},"mobile":{"background-color":"var(--ast-global-color-5)","background-image":"","background-repeat":"repeat","background-position":"center center","background-size":"auto","background-attachment":"scroll","background-type":"","background-media":"","overlay-type":"","overlay-color":"","overlay-opacity":"","overlay-gradient":""}},"footnotes":""},"categories":[1],"tags":[],"class_list":["post-4710","post","type-post","status-publish","format-standard","has-post-thumbnail","hentry","category-sin-categoria"],"_links":{"self":[{"href":"https:\/\/20212024.balancan.gob.mx\/blog\/wp-json\/wp\/v2\/posts\/4710","targetHints":{"allow":["GET"]}}],"collection":[{"href":"https:\/\/20212024.balancan.gob.mx\/blog\/wp-json\/wp\/v2\/posts"}],"about":[{"href":"https:\/\/20212024.balancan.gob.mx\/blog\/wp-json\/wp\/v2\/types\/post"}],"author":[{"embeddable":true,"href":"https:\/\/20212024.balancan.gob.mx\/blog\/wp-json\/wp\/v2\/users\/2"}],"replies":[{"embeddable":true,"href":"https:\/\/20212024.balancan.gob.mx\/blog\/wp-json\/wp\/v2\/comments?post=4710"}],"version-history":[{"count":6,"href":"https:\/\/20212024.balancan.gob.mx\/blog\/wp-json\/wp\/v2\/posts\/4710\/revisions"}],"predecessor-version":[{"id":4721,"href":"https:\/\/20212024.balancan.gob.mx\/blog\/wp-json\/wp\/v2\/posts\/4710\/revisions\/4721"}],"wp:featuredmedia":[{"embeddable":true,"href":"https:\/\/20212024.balancan.gob.mx\/blog\/wp-json\/wp\/v2\/media\/4719"}],"wp:attachment":[{"href":"https:\/\/20212024.balancan.gob.mx\/blog\/wp-json\/wp\/v2\/media?parent=4710"}],"wp:term":[{"taxonomy":"category","embeddable":true,"href":"https:\/\/20212024.balancan.gob.mx\/blog\/wp-json\/wp\/v2\/categories?post=4710"},{"taxonomy":"post_tag","embeddable":true,"href":"https:\/\/20212024.balancan.gob.mx\/blog\/wp-json\/wp\/v2\/tags?post=4710"}],"curies":[{"name":"wp","href":"https:\/\/api.w.org\/{rel}","templated":true}]}}